{"id":19215,"date":"2026-08-31T22:30:05","date_gmt":"2026-08-31T20:30:05","guid":{"rendered":"https:\/\/kulturnifront.hr\/?p=19215"},"modified":"2026-08-31T22:30:05","modified_gmt":"2026-08-31T20:30:05","slug":"najava-igraonica-drustvenih-igara-nedjelja-6-9-2026","status":"publish","type":"post","link":"https:\/\/kulturnifront.hr\/en\/kreativni-nered\/najava-igraonica-drustvenih-igara-nedjelja-6-9-2026\/","title":{"rendered":"Najava: Igraonica dru\u0161tvenih igara &#8211; nedjelja 6. 9. 2026."},"content":{"rendered":"<h4><strong>\ud83d\udcc5 Nedjelja, 6. rujna<\/strong><br \/>\n\ud83d\udd53 <strong>16:00 \u2013 20:30<\/strong><br \/>\n\ud83d\udccd\u00a0<a href=\"https:\/\/kulturnifront.hr\/en\/lokacija\/\"><span class=\"x193iq5w xeuugli x13faqbe x1vvkbs x1xmvt09 x1lliihq x1s928wv xhkezso x1gmr53x x1cpjm7i x1fgarty x1943h6x xudqn12 x3x7a5m x6prxxf xvq8zen xo1l8bm xzsf02u\" dir=\"auto\">Prostorije Udruge (M. Tita 42, Opatija)<\/span><\/a><\/h4>\n<p>Vra\u0107amo se na\u0161im redovnim dru\u017eenjima <strong>svake 1. i 3. nedjelje u mjesecu<\/strong> &#8211; uz hrpu dru\u0161tvenih igara, dobru atmosferu i jo\u0161 bolje dru\u0161tvo.<\/p>\n<p>Na raspolaganju je <strong>vi\u0161e od 50 dru\u0161tvenih igara<\/strong> razli\u010ditih \u017eanrova i te\u017eina &#8211; od brzih party igara do onih u kojima treba malo vi\u0161e strategije, suradnje i promi\u0161ljanja.<\/p>\n<p>A ako nas pitate \u0161to se jo\u0161 mo\u017ee dogoditi na igraonici\u2026 pa, nikad se ne zna. <span class=\"x193iq5w xeuugli x13faqbe x1vvkbs x1xmvt09 x1lliihq x1s928wv xhkezso x1gmr53x x1cpjm7i x1fgarty x1943h6x xudqn12 x3x7a5m x6prxxf xvq8zen xo1l8bm xzsf02u\" dir=\"auto\"><span class=\"html-span xexx8yu xyri2b x18d9i69 x1c1uobl x1hl2dhg x16tdsg8 x1vvkbs x3nfvp2 x1j61x8r x1fcty0u xdj266r xat24cr xm2jcoa x1mpyi22 xxymvpz xlup9mm x1kky2od\"><img decoding=\"async\" class=\"xz74otr x15mokao x1ga7v0g x16uus16 xbiv7yw\" src=\"https:\/\/static.xx.fbcdn.net\/images\/emoji.php\/v9\/td2\/1\/16\/1f604.png\" alt=\"\ud83d\ude04\" width=\"16\" height=\"16\" \/><\/span><\/span><br \/>\nMo\u017eda se spontano krenu slagati puzzle, uhvati gitara ili se jednostavno ostane jo\u0161 malo na razgovoru i dru\u017eenju.<\/p>\n<p><strong>Do\u0111ite sami, s ekipom, partnerom ili obitelji &#8211; uvijek se na\u0111e mjesto za jo\u0161 jednog igra\u010da!<\/strong><\/p>\n<p><strong><span class=\"x193iq5w xeuugli x13faqbe x1vvkbs x1xmvt09 x1lliihq x1s928wv xhkezso x1gmr53x x1cpjm7i x1fgarty x1943h6x xudqn12 x3x7a5m x6prxxf xvq8zen xo1l8bm xzsf02u\" dir=\"auto\"><span class=\"html-span xexx8yu xyri2b x18d9i69 x1c1uobl x1hl2dhg x16tdsg8 x1vvkbs x3nfvp2 x1j61x8r x1fcty0u xdj266r xat24cr xm2jcoa x1mpyi22 xxymvpz xlup9mm x1kky2od\"><img decoding=\"async\" class=\"xz74otr x15mokao x1ga7v0g x16uus16 xbiv7yw\" src=\"https:\/\/static.xx.fbcdn.net\/images\/emoji.php\/v9\/t94\/1\/16\/1f49a.png\" alt=\"\ud83d\udc9a\" width=\"16\" height=\"16\" \/><\/span> <\/span>Sudjelovanje je besplatno i otvoreno za sve zainteresirane.<\/strong><\/p>\n<p>Nakon kolovo\u0161ke pauze, igre su spremne.<br \/>\n<strong>Vidimo se u nedjelju!<\/strong> <span class=\"x193iq5w xeuugli x13faqbe x1vvkbs x1xmvt09 x1lliihq x1s928wv xhkezso x1gmr53x x1cpjm7i x1fgarty x1943h6x xudqn12 x3x7a5m x6prxxf xvq8zen xo1l8bm xzsf02u\" dir=\"auto\"><span class=\"html-span xexx8yu xyri2b x18d9i69 x1c1uobl x1hl2dhg x16tdsg8 x1vvkbs x3nfvp2 x1j61x8r x1fcty0u xdj266r xat24cr xm2jcoa x1mpyi22 xxymvpz xlup9mm x1kky2od\"><img decoding=\"async\" class=\"xz74otr x15mokao x1ga7v0g x16uus16 xbiv7yw\" src=\"https:\/\/static.xx.fbcdn.net\/images\/emoji.php\/v9\/t1b\/1\/16\/1f3b2.png\" alt=\"\ud83c\udfb2\" width=\"16\" height=\"16\" \/><\/span><span class=\"html-span xexx8yu xyri2b x18d9i69 x1c1uobl x1hl2dhg x16tdsg8 x1vvkbs x3nfvp2 x1j61x8r x1fcty0u xdj266r xat24cr xm2jcoa x1mpyi22 xxymvpz xlup9mm x1kky2od\"><img loading=\"lazy\" decoding=\"async\" class=\"xz74otr x15mokao x1ga7v0g x16uus16 xbiv7yw\" src=\"https:\/\/static.xx.fbcdn.net\/images\/emoji.php\/v9\/tf4\/1\/16\/2728.png\" alt=\"\u2728\" width=\"16\" height=\"16\" \/><\/span><\/span><\/p>\n<p><a href=\"https:\/\/www.facebook.com\/events\/1591005342495149\/\"><strong>&#8211; FACEBOOK EVENT &#8211;\u00a0<\/strong><\/a><\/p>\n<p>&nbsp;<\/p>\n<hr \/>\n<p><strong>Igraonica se organizira u sklopu projekta \u201c<a href=\"https:\/\/kulturnifront.hr\/en\/kreativni-nered\/\">Creative mess<\/a>\u2019<\/strong> Rije\u010d je o interdisciplinarnom projektu kojeg je Udruga &#8220;Kulturni front&#8221; pokrenula u travnju 2019. s ciljem pru\u017eanja stalnog sadr\u017eaja za opatijsku mlade\u017e. Ovaj cjelogodi\u0161nji program uklju\u010duje organizirane igraonice dru\u0161tvenih igara, kvizove, kreativne i znanstvene radionice i druge oblike dru\u017eenja te ima za cilj poticanje samosvijesti i umre\u017eavanja mladih Grada Opatije, kvalitetno provo\u0111enje slobodnog vremena, podr\u017eavanje kriti\u010dkog razmi\u0161ljanja i unaprje\u0111enje me\u0111uljudskih odnosa.<\/p>\n<p><strong><span class=\"x193iq5w xeuugli x13faqbe x1vvkbs x1xmvt09 x1lliihq x1s928wv xhkezso x1gmr53x x1cpjm7i x1fgarty x1943h6x xudqn12 x3x7a5m x6prxxf xvq8zen xo1l8bm xzsf02u\" dir=\"auto\">Projekt se odr\u017eava uz financijsku podr\u0161ku Grada Opatije.<\/span><\/strong><\/p>","protected":false},"excerpt":{"rendered":"<p><b>Aaaaand, we\u2019re back!<\/b><br \/>\nNakon kratke ljetne pauze, igraonica se vra\u0107a! \u2764\ufe0f\ud83c\udfb2<\/p>","protected":false},"author":1,"featured_media":19132,"comment_status":"closed","ping_status":"open","sticky":false,"template":"","format":"standard","meta":{"footnotes":""},"categories":[11,12],"tags":[143,140,139,107,104,101],"class_list":["post-19215","post","type-post","status-publish","format-standard","has-post-thumbnail","hentry","category-kreativni-nered","category-promocija-drustvenih-igara","tag-143","tag-drustvene-igre","tag-igraonica","tag-kreativni-nered","tag-najave","tag-prostorije-udruge"],"_links":{"self":[{"href":"https:\/\/kulturnifront.hr\/en\/wp-json\/wp\/v2\/posts\/19215","targetHints":{"allow":["GET"]}}],"collection":[{"href":"https:\/\/kulturnifront.hr\/en\/wp-json\/wp\/v2\/posts"}],"about":[{"href":"https:\/\/kulturnifront.hr\/en\/wp-json\/wp\/v2\/types\/post"}],"author":[{"embeddable":true,"href":"https:\/\/kulturnifront.hr\/en\/wp-json\/wp\/v2\/users\/1"}],"replies":[{"embeddable":true,"href":"https:\/\/kulturnifront.hr\/en\/wp-json\/wp\/v2\/comments?post=19215"}],"version-history":[{"count":2,"href":"https:\/\/kulturnifront.hr\/en\/wp-json\/wp\/v2\/posts\/19215\/revisions"}],"predecessor-version":[{"id":19217,"href":"https:\/\/kulturnifront.hr\/en\/wp-json\/wp\/v2\/posts\/19215\/revisions\/19217"}],"wp:featuredmedia":[{"embeddable":true,"href":"https:\/\/kulturnifront.hr\/en\/wp-json\/wp\/v2\/media\/19132"}],"wp:attachment":[{"href":"https:\/\/kulturnifront.hr\/en\/wp-json\/wp\/v2\/media?parent=19215"}],"wp:term":[{"taxonomy":"category","embeddable":true,"href":"https:\/\/kulturnifront.hr\/en\/wp-json\/wp\/v2\/categories?post=19215"},{"taxonomy":"post_tag","embeddable":true,"href":"https:\/\/kulturnifront.hr\/en\/wp-json\/wp\/v2\/tags?post=19215"}],"curies":[{"name":"wp","href":"https:\/\/api.w.org\/{rel}","templated":true}]}}